{"id":2666,"date":"2024-03-08T18:02:19","date_gmt":"2024-03-08T17:02:19","guid":{"rendered":"https:\/\/bestsardiniatour.it\/?p=2666"},"modified":"2024-03-14T17:24:44","modified_gmt":"2024-03-14T16:24:44","slug":"il-popolo-sardo-in-piedi-lolivastro-di-luras","status":"publish","type":"post","link":"https:\/\/bestsardiniatour.it\/en\/il-popolo-sardo-in-piedi-lolivastro-di-luras\/","title":{"rendered":"Il Popolo Sardo In Piedi: L&#8217;Olivastro di Luras"},"content":{"rendered":"<p>La Sardegna ha&nbsp;un tesoro poco conosciuto: una distribuzione di &#8220;monumenti verdi&#8221; certificati a livello nazionale, che danno alla nostra Isola un&nbsp;patrimonio naturale, ma anche storico-culturale e collettivo, di grande valore identitario.&nbsp; <strong>L\u2019Olivastro di Luras<\/strong>, il patriarca della natura cos\u00ec nominato, partecipa alla competizione europea della Giant Trees Foundation. In Sardegna l\u2019ulivo di Luras viene chiamato anche&nbsp;\u201cS\u2019ozzastru\u201d&nbsp;(oppure \u201cuddhastru\u201d o \u201caddhastru\u201d \u201colivastro\u201d). Siamo in Gallura, nella&nbsp;suggestiva localit\u00e0 di <strong>Santu Baltolu<\/strong>, dove si trovano le&nbsp;radici&nbsp;e le chiome che hanno fatto la&nbsp;storia&nbsp;di questa terra.<\/p>\n\n\n\n<p>Il nostro L\u2019olivastro nato da seme, ad oggi misura 14 metri&nbsp;di&nbsp;altezza, 1154 centimetri&nbsp;di&nbsp;circonferenza a petto d&#8217;uomo e la chioma ricopre 600 metri quadrati&nbsp;di&nbsp;superficie. Questa specie di olivastro, non produce con regolarit\u00e0 i caratteristici anelli annuali e le varie tecniche di indagine possono solo consentire stime pi\u00f9 o meno attendibili. L\u2019universit\u00e0 di Sassari ha documentato un\u2019et\u00e0 che va da 3000 \/4000 anni. Ecco&nbsp;<a href=\"https:\/\/www.gianttrees.org\/it\/italian-tree-of-the-year-2023\/finale\/l-olivastro-di-luras-a-santu-baltolu\">cosa si legge<\/a>&nbsp;in merito a questa splendida ricchezza: \u201cAltezzoso e maestoso, l\u2019olivastro si erge verso il cielo con i rami amplessi e imponenti creando una visione spettacolare\u201d. E ancora: \u201cOgni dettaglio dell\u2019olivastro millenario \u00e8 unico e suggestivo: dalle radici che affondano profondamente nel terreno, testimoni del suo forte attaccamento alla terra, ai rami che si sviluppano in varie direzioni, creando un effetto scultoreo incredibile.\u201d&nbsp;<\/p>\n\n\n\n<p>Pare che in passato, gli abitanti del luogo credessero che gli spiriti maligni trovassero rifugio sotto di lui, chiss\u00e0 quante storie potrebbe narrarci se potesse parlare! L\u2019Olivastro, simbolo di resilienza e continuit\u00e0, vittoria, forza, purificazione e pace, non \u00e8 solo rappresentativo dell\u2019identit\u00e0 della comunit\u00e0 di Luras, ma anche richiamo per gli amanti della natura di tutto il mondo. L\u2019olivo \u00e8 il simbolo della pace, creato da <strong>Minerva<\/strong> e posto come emblema sull\u2019elmo della dea bellicosa, ma anche saggia. <strong>Giovani Pascoli<\/strong> e altri Poeti scrivono versi e lodi per fortificare il valore dell\u2019ulivo in generale, ve ne propongo alcuni versi:<\/p>\n\n\n\n<blockquote class=\"wp-block-quote\">\n<p>Quante cose saprai, tu che non cedi<br>da trecento e pi\u00fa anni, o fosco olivo\u2026<br>\u2026Nulla sai, nulla pensi, nulla vedi;<br>e sei solo per questo ancora vivo.<\/p>\n<\/blockquote>\n\n\n\n<p><\/p>\n\n\n\n<p>Visto che la Sardegna ricopre una vasta superficie sono presenti altre piante monumentali, ve ne segnalo tra le pi\u00f9 grandi:<br><br><strong>Sa Reina olivo di Villamassargia<\/strong><\/p>\n\n\n\n<p>\u201cSa Reina\u201d, \u201cLa Regina\u201d in lingua sarda. Il suo tronco alla base misura ben 16 metri di diametro e la sua et\u00e0 stimata si aggira tra gli 800 e i 900 anni, forse pi\u00f9.<br><br><strong>Sa Tanca Manna Olivo di&nbsp; Monti Ferru<\/strong><\/p>\n\n\n\n<p>L\u2019olivastro, alto 16 metri e con un fusto di circa 10 metri di circonferenza, \u00e8 registrato nell\u2019<a href=\"https:\/\/www.ilpost.it\/2022\/06\/20\/mappa-alberi-monumentali-italia\/\">elenco degli alberi monumentali d\u2019Italia<\/a> ed \u00e8 conosciuto come l\u2019olivastro di&nbsp;Tanca Manna, dal nome della localit\u00e0 vicina a Cuglieri in cui si trova, in provincia di Oristano. Scampato ad un grosso incendio circa due anni fa, l\u2019olivo proprio qualche giorno fa ha dato segnali di vita. Infatti, si vedono nuovi germogli e alcuni polloni, cio\u00e8 dei piccoli rami che crescono alla base degli alberi; la capacit\u00e0 di resilienza di una pianta millenaria, tuttavia, \u00e8 comunque un segnale importante, che pu\u00f2 essere di buon auspicio per la popolazione.<br><\/p>\n\n\n\n<p>Vi auguriamo una buona lettura, un abbraccio dall&#8217;Olivastro.<\/p>\n\n\n\n<p>Author: Elisa Sassu and Ferrer Agus<\/p>","protected":false},"excerpt":{"rendered":"<p>La Sardegna ha&nbsp;un tesoro poco conosciuto: una distribuzione di &#8220;monumenti verdi&#8221; certificati a livello nazionale, che danno alla nostra Isola un&nbsp;patrimonio naturale, ma anche storico-culturale e collettivo, di grande valore identitario.&nbsp; L\u2019Olivastro di Luras, il patriarca della natura cos\u00ec nominato, partecipa alla competizione europea della Giant Trees Foundation. In Sardegna l\u2019ulivo di Luras viene chiamato [&hellip;]<\/p>","protected":false},"author":3,"featured_media":0,"comment_status":"closed","ping_status":"open","sticky":false,"template":"","format":"standard","meta":{"footnotes":"[]"},"categories":[11],"tags":[],"acf":[],"yoast_head":"<!-- This site is optimized with the Yoast SEO plugin v22.0 - https:\/\/yoast.com\/wordpress\/plugins\/seo\/ -->\n<title>Il Popolo Sardo In Piedi: L&#039;Olivastro di Luras<\/title>\n<meta name=\"description\" content=\"La Sardegna ha\u00a0un tesoro poco conosciuto: una distribuzione di &quot;monumenti verdi&quot; certificati a livello nazionale, che danno alla nostra Isola un\u00a0patrimonio naturale, ma anche storico-culturale e collettivo, di grande valore identitario.\" \/>\n<meta name=\"robots\" content=\"index, follow, max-snippet:-1, max-image-preview:large, max-video-preview:-1\" \/>\n<link rel=\"canonical\" href=\"https:\/\/bestsardiniatour.it\/en\/il-popolo-sardo-in-piedi-lolivastro-di-luras\/\" \/>\n<meta property=\"og:locale\" content=\"en_US\" \/>\n<meta property=\"og:type\" content=\"article\" \/>\n<meta property=\"og:title\" content=\"Il Popolo Sardo In Piedi: L&#039;Olivastro di Luras\" \/>\n<meta property=\"og:description\" content=\"La Sardegna ha\u00a0un tesoro poco conosciuto: una distribuzione di &quot;monumenti verdi&quot; certificati a livello nazionale, che danno alla nostra Isola un\u00a0patrimonio naturale, ma anche storico-culturale e collettivo, di grande valore identitario.\" \/>\n<meta property=\"og:url\" content=\"https:\/\/bestsardiniatour.it\/en\/il-popolo-sardo-in-piedi-lolivastro-di-luras\/\" \/>\n<meta property=\"og:site_name\" content=\"Best Sardinia Tour\" \/>\n<meta property=\"article:publisher\" content=\"https:\/\/m.facebook.com\/bestsardiniatour\" \/>\n<meta property=\"article:published_time\" content=\"2024-03-08T17:02:19+00:00\" \/>\n<meta property=\"article:modified_time\" content=\"2024-03-14T16:24:44+00:00\" \/>\n<meta property=\"og:image\" content=\"http:\/\/bestsardiniatour.it\/wp-content\/uploads\/2024\/03\/Post2-1024x1024.png\" \/>\n\t<meta property=\"og:image:width\" content=\"1024\" \/>\n\t<meta property=\"og:image:height\" content=\"1024\" \/>\n\t<meta property=\"og:image:type\" content=\"image\/png\" \/>\n<meta name=\"author\" content=\"Admin BST\" \/>\n<meta name=\"twitter:card\" content=\"summary_large_image\" \/>\n<meta name=\"twitter:label1\" content=\"Written by\" \/>\n\t<meta name=\"twitter:data1\" content=\"Admin BST\" \/>\n\t<meta name=\"twitter:label2\" content=\"Est. reading time\" \/>\n\t<meta name=\"twitter:data2\" content=\"3 minutes\" \/>\n<script type=\"application\/ld+json\" class=\"yoast-schema-graph\">{\"@context\":\"https:\/\/schema.org\",\"@graph\":[{\"@type\":\"Article\",\"@id\":\"https:\/\/bestsardiniatour.it\/il-popolo-sardo-in-piedi-lolivastro-di-luras\/#article\",\"isPartOf\":{\"@id\":\"https:\/\/bestsardiniatour.it\/il-popolo-sardo-in-piedi-lolivastro-di-luras\/\"},\"author\":{\"name\":\"Admin BST\",\"@id\":\"https:\/\/bestsardiniatour.it\/#\/schema\/person\/601d50bed36dd6eb1df84e756e93b2d6\"},\"headline\":\"Il Popolo Sardo In Piedi: L&#8217;Olivastro di Luras\",\"datePublished\":\"2024-03-08T17:02:19+00:00\",\"dateModified\":\"2024-03-14T16:24:44+00:00\",\"mainEntityOfPage\":{\"@id\":\"https:\/\/bestsardiniatour.it\/il-popolo-sardo-in-piedi-lolivastro-di-luras\/\"},\"wordCount\":563,\"publisher\":{\"@id\":\"https:\/\/bestsardiniatour.it\/#organization\"},\"articleSection\":[\"Rubrica\"],\"inLanguage\":\"en-US\"},{\"@type\":\"WebPage\",\"@id\":\"https:\/\/bestsardiniatour.it\/il-popolo-sardo-in-piedi-lolivastro-di-luras\/\",\"url\":\"https:\/\/bestsardiniatour.it\/il-popolo-sardo-in-piedi-lolivastro-di-luras\/\",\"name\":\"Il Popolo Sardo In Piedi: L'Olivastro di Luras\",\"isPartOf\":{\"@id\":\"https:\/\/bestsardiniatour.it\/#website\"},\"datePublished\":\"2024-03-08T17:02:19+00:00\",\"dateModified\":\"2024-03-14T16:24:44+00:00\",\"description\":\"La Sardegna ha\u00a0un tesoro poco conosciuto: una distribuzione di \\\"monumenti verdi\\\" certificati a livello nazionale, che danno alla nostra Isola un\u00a0patrimonio naturale, ma anche storico-culturale e collettivo, di grande valore identitario.\",\"breadcrumb\":{\"@id\":\"https:\/\/bestsardiniatour.it\/il-popolo-sardo-in-piedi-lolivastro-di-luras\/#breadcrumb\"},\"inLanguage\":\"en-US\",\"potentialAction\":[{\"@type\":\"ReadAction\",\"target\":[\"https:\/\/bestsardiniatour.it\/il-popolo-sardo-in-piedi-lolivastro-di-luras\/\"]}]},{\"@type\":\"BreadcrumbList\",\"@id\":\"https:\/\/bestsardiniatour.it\/il-popolo-sardo-in-piedi-lolivastro-di-luras\/#breadcrumb\",\"itemListElement\":[{\"@type\":\"ListItem\",\"position\":1,\"name\":\"Home\",\"item\":\"https:\/\/bestsardiniatour.it\/\"},{\"@type\":\"ListItem\",\"position\":2,\"name\":\"Il Popolo Sardo In Piedi: L&#8217;Olivastro di Luras\"}]},{\"@type\":\"WebSite\",\"@id\":\"https:\/\/bestsardiniatour.it\/#website\",\"url\":\"https:\/\/bestsardiniatour.it\/\",\"name\":\"Best Sardinia Tour\",\"description\":\"Alla Scoperta Della Sardegna\",\"publisher\":{\"@id\":\"https:\/\/bestsardiniatour.it\/#organization\"},\"potentialAction\":[{\"@type\":\"SearchAction\",\"target\":{\"@type\":\"EntryPoint\",\"urlTemplate\":\"https:\/\/bestsardiniatour.it\/?s={search_term_string}\"},\"query-input\":\"required name=search_term_string\"}],\"inLanguage\":\"en-US\"},{\"@type\":\"Organization\",\"@id\":\"https:\/\/bestsardiniatour.it\/#organization\",\"name\":\"Best Sardinia Tour\",\"url\":\"https:\/\/bestsardiniatour.it\/\",\"logo\":{\"@type\":\"ImageObject\",\"inLanguage\":\"en-US\",\"@id\":\"https:\/\/bestsardiniatour.it\/#\/schema\/logo\/image\/\",\"url\":\"https:\/\/bestsardiniatour.it\/wp-content\/uploads\/2020\/02\/Logo-Best-Sardinia-Tour.svg\",\"contentUrl\":\"https:\/\/bestsardiniatour.it\/wp-content\/uploads\/2020\/02\/Logo-Best-Sardinia-Tour.svg\",\"width\":454.53,\"height\":279.09,\"caption\":\"Best Sardinia Tour\"},\"image\":{\"@id\":\"https:\/\/bestsardiniatour.it\/#\/schema\/logo\/image\/\"},\"sameAs\":[\"https:\/\/m.facebook.com\/bestsardiniatour\",\"https:\/\/instagram.com\/bestsardiniatour\"]},{\"@type\":\"Person\",\"@id\":\"https:\/\/bestsardiniatour.it\/#\/schema\/person\/601d50bed36dd6eb1df84e756e93b2d6\",\"name\":\"Admin BST\",\"image\":{\"@type\":\"ImageObject\",\"inLanguage\":\"en-US\",\"@id\":\"https:\/\/bestsardiniatour.it\/#\/schema\/person\/image\/\",\"url\":\"https:\/\/secure.gravatar.com\/avatar\/67c84263412957d148af29ba6dbd563f?s=96&d=mm&r=g\",\"contentUrl\":\"https:\/\/secure.gravatar.com\/avatar\/67c84263412957d148af29ba6dbd563f?s=96&d=mm&r=g\",\"caption\":\"Admin BST\"},\"url\":\"https:\/\/bestsardiniatour.it\/en\/author\/admin-bst\/\"}]}<\/script>\n<!-- \/ Yoast SEO plugin. -->","yoast_head_json":{"title":"Il Popolo Sardo In Piedi: L'Olivastro di Luras","description":"La Sardegna ha\u00a0un tesoro poco conosciuto: una distribuzione di \"monumenti verdi\" certificati a livello nazionale, che danno alla nostra Isola un\u00a0patrimonio naturale, ma anche storico-culturale e collettivo, di grande valore identitario.","robots":{"index":"index","follow":"follow","max-snippet":"max-snippet:-1","max-image-preview":"max-image-preview:large","max-video-preview":"max-video-preview:-1"},"canonical":"https:\/\/bestsardiniatour.it\/en\/il-popolo-sardo-in-piedi-lolivastro-di-luras\/","og_locale":"en_US","og_type":"article","og_title":"Il Popolo Sardo In Piedi: L'Olivastro di Luras","og_description":"La Sardegna ha\u00a0un tesoro poco conosciuto: una distribuzione di \"monumenti verdi\" certificati a livello nazionale, che danno alla nostra Isola un\u00a0patrimonio naturale, ma anche storico-culturale e collettivo, di grande valore identitario.","og_url":"https:\/\/bestsardiniatour.it\/en\/il-popolo-sardo-in-piedi-lolivastro-di-luras\/","og_site_name":"Best Sardinia Tour","article_publisher":"https:\/\/m.facebook.com\/bestsardiniatour","article_published_time":"2024-03-08T17:02:19+00:00","article_modified_time":"2024-03-14T16:24:44+00:00","og_image":[{"width":1024,"height":1024,"url":"http:\/\/bestsardiniatour.it\/wp-content\/uploads\/2024\/03\/Post2-1024x1024.png","type":"image\/png"}],"author":"Admin BST","twitter_card":"summary_large_image","twitter_misc":{"Written by":"Admin BST","Est. reading time":"3 minutes"},"schema":{"@context":"https:\/\/schema.org","@graph":[{"@type":"Article","@id":"https:\/\/bestsardiniatour.it\/il-popolo-sardo-in-piedi-lolivastro-di-luras\/#article","isPartOf":{"@id":"https:\/\/bestsardiniatour.it\/il-popolo-sardo-in-piedi-lolivastro-di-luras\/"},"author":{"name":"Admin BST","@id":"https:\/\/bestsardiniatour.it\/#\/schema\/person\/601d50bed36dd6eb1df84e756e93b2d6"},"headline":"Il Popolo Sardo In Piedi: L&#8217;Olivastro di Luras","datePublished":"2024-03-08T17:02:19+00:00","dateModified":"2024-03-14T16:24:44+00:00","mainEntityOfPage":{"@id":"https:\/\/bestsardiniatour.it\/il-popolo-sardo-in-piedi-lolivastro-di-luras\/"},"wordCount":563,"publisher":{"@id":"https:\/\/bestsardiniatour.it\/#organization"},"articleSection":["Rubrica"],"inLanguage":"en-US"},{"@type":"WebPage","@id":"https:\/\/bestsardiniatour.it\/il-popolo-sardo-in-piedi-lolivastro-di-luras\/","url":"https:\/\/bestsardiniatour.it\/il-popolo-sardo-in-piedi-lolivastro-di-luras\/","name":"Il Popolo Sardo In Piedi: L'Olivastro di Luras","isPartOf":{"@id":"https:\/\/bestsardiniatour.it\/#website"},"datePublished":"2024-03-08T17:02:19+00:00","dateModified":"2024-03-14T16:24:44+00:00","description":"La Sardegna ha\u00a0un tesoro poco conosciuto: una distribuzione di \"monumenti verdi\" certificati a livello nazionale, che danno alla nostra Isola un\u00a0patrimonio naturale, ma anche storico-culturale e collettivo, di grande valore identitario.","breadcrumb":{"@id":"https:\/\/bestsardiniatour.it\/il-popolo-sardo-in-piedi-lolivastro-di-luras\/#breadcrumb"},"inLanguage":"en-US","potentialAction":[{"@type":"ReadAction","target":["https:\/\/bestsardiniatour.it\/il-popolo-sardo-in-piedi-lolivastro-di-luras\/"]}]},{"@type":"BreadcrumbList","@id":"https:\/\/bestsardiniatour.it\/il-popolo-sardo-in-piedi-lolivastro-di-luras\/#breadcrumb","itemListElement":[{"@type":"ListItem","position":1,"name":"Home","item":"https:\/\/bestsardiniatour.it\/"},{"@type":"ListItem","position":2,"name":"Il Popolo Sardo In Piedi: L&#8217;Olivastro di Luras"}]},{"@type":"WebSite","@id":"https:\/\/bestsardiniatour.it\/#website","url":"https:\/\/bestsardiniatour.it\/","name":"Best Sardinia Tour","description":"Alla Scoperta Della Sardegna","publisher":{"@id":"https:\/\/bestsardiniatour.it\/#organization"},"potentialAction":[{"@type":"SearchAction","target":{"@type":"EntryPoint","urlTemplate":"https:\/\/bestsardiniatour.it\/?s={search_term_string}"},"query-input":"required name=search_term_string"}],"inLanguage":"en-US"},{"@type":"Organization","@id":"https:\/\/bestsardiniatour.it\/#organization","name":"Best Sardinia Tour","url":"https:\/\/bestsardiniatour.it\/","logo":{"@type":"ImageObject","inLanguage":"en-US","@id":"https:\/\/bestsardiniatour.it\/#\/schema\/logo\/image\/","url":"https:\/\/bestsardiniatour.it\/wp-content\/uploads\/2020\/02\/Logo-Best-Sardinia-Tour.svg","contentUrl":"https:\/\/bestsardiniatour.it\/wp-content\/uploads\/2020\/02\/Logo-Best-Sardinia-Tour.svg","width":454.53,"height":279.09,"caption":"Best Sardinia Tour"},"image":{"@id":"https:\/\/bestsardiniatour.it\/#\/schema\/logo\/image\/"},"sameAs":["https:\/\/m.facebook.com\/bestsardiniatour","https:\/\/instagram.com\/bestsardiniatour"]},{"@type":"Person","@id":"https:\/\/bestsardiniatour.it\/#\/schema\/person\/601d50bed36dd6eb1df84e756e93b2d6","name":"Admin BST","image":{"@type":"ImageObject","inLanguage":"en-US","@id":"https:\/\/bestsardiniatour.it\/#\/schema\/person\/image\/","url":"https:\/\/secure.gravatar.com\/avatar\/67c84263412957d148af29ba6dbd563f?s=96&d=mm&r=g","contentUrl":"https:\/\/secure.gravatar.com\/avatar\/67c84263412957d148af29ba6dbd563f?s=96&d=mm&r=g","caption":"Admin BST"},"url":"https:\/\/bestsardiniatour.it\/en\/author\/admin-bst\/"}]}},"_links":{"self":[{"href":"https:\/\/bestsardiniatour.it\/en\/wp-json\/wp\/v2\/posts\/2666"}],"collection":[{"href":"https:\/\/bestsardiniatour.it\/en\/wp-json\/wp\/v2\/posts"}],"about":[{"href":"https:\/\/bestsardiniatour.it\/en\/wp-json\/wp\/v2\/types\/post"}],"author":[{"embeddable":true,"href":"https:\/\/bestsardiniatour.it\/en\/wp-json\/wp\/v2\/users\/3"}],"replies":[{"embeddable":true,"href":"https:\/\/bestsardiniatour.it\/en\/wp-json\/wp\/v2\/comments?post=2666"}],"version-history":[{"count":4,"href":"https:\/\/bestsardiniatour.it\/en\/wp-json\/wp\/v2\/posts\/2666\/revisions"}],"predecessor-version":[{"id":2718,"href":"https:\/\/bestsardiniatour.it\/en\/wp-json\/wp\/v2\/posts\/2666\/revisions\/2718"}],"wp:attachment":[{"href":"https:\/\/bestsardiniatour.it\/en\/wp-json\/wp\/v2\/media?parent=2666"}],"wp:term":[{"taxonomy":"category","embeddable":true,"href":"https:\/\/bestsardiniatour.it\/en\/wp-json\/wp\/v2\/categories?post=2666"},{"taxonomy":"post_tag","embeddable":true,"href":"https:\/\/bestsardiniatour.it\/en\/wp-json\/wp\/v2\/tags?post=2666"}],"curies":[{"name":"wp","href":"https:\/\/api.w.org\/{rel}","templated":true}]}}