{"id":1964,"date":"2023-12-28T16:06:34","date_gmt":"2023-12-28T15:06:34","guid":{"rendered":"https:\/\/bestsardiniatour.it\/?p=1964"},"modified":"2024-01-31T14:43:11","modified_gmt":"2024-01-31T13:43:11","slug":"rubrica-il-popolo-sardo-in-piedi","status":"publish","type":"post","link":"https:\/\/bestsardiniatour.it\/de\/rubrica-il-popolo-sardo-in-piedi\/","title":{"rendered":"Kolumne: Das sardische Volk im Stehen"},"content":{"rendered":"<p>Die <strong>b\u00e4ume<\/strong>, veri maestri di vita, un ponte tra il divino e il terreno che ci circonda. Scientificamente, rivelano un sistema simile a un cervello diffuso, in cui le radici fungono da canali di comunicazione, intrecciandosi con l&#8217;intero ecosistema e svolgendo funzioni vitali per la natura stessa. Le loro capacit\u00e0 straordinarie spaziano dal contenere le montagne per prevenire frane, moderare il vento e favorire le piogge. Sorprendentemente longevi, questi giganti superano i duemila anni di vita e crescono fino a centoventi metri, un inno alla resistenza e alla grandezza. <\/p>\n\n\n\n<p>Gli alberi, autentici musicisti, suonano attraverso le loro foglie e, con la loro presenza, emanano un&#8217;aura protettiva e amorevole. La loro grandiosit\u00e0 \u00e8 tanto ispiratrice che illustri scrittori, poeti e cantanti li eleggono come fonte d&#8217;ispirazione per le loro opere.<\/p>\n\n\n\n<blockquote class=\"wp-block-quote\">\n<p>Deshalb haben wir beschlossen, leben der rubrik: <strong>Das Sardische Volk Stehend<\/strong>, che vi condurr\u00e0 alla scoperta degli alberi e pianti della nostra splendida Sardegna.<\/p>\n<\/blockquote>\n\n\n\n<p>Der nat\u00fcrliche erbe der <strong>Sardinien<\/strong> \u00e8 impreziosito da alberi di inestimabile valore, veri monumenti dichiarati tali per le loro dimensioni e longevit\u00e0. Questi alberi, censiti e protetti, rappresentano un primato per l&#8217;isola, con circa <em>410 exemplare<\/em> che contribuiscono a creare una distribuzione di &#8220;monumenti verdi&#8221; certificati a livello nazionale.<\/p>\n\n\n\n<p>Wir verehren b\u00e4ume, die h\u00fcter des lebens, und stumme zeugen der zeit, und wir erkunden in zukunft die w\u00e4lder und die b\u00e4ume unserer geliebten Sardinien, indem wir unsere erfahrungen mit ihrer majest\u00e4tischen pr\u00e4senz.<\/p>","protected":false},"excerpt":{"rendered":"<p>Gli alberi, veri maestri di vita, un ponte tra il divino e il terreno che ci circonda. Scientificamente, rivelano un sistema simile a un cervello diffuso, in cui le radici fungono da canali di comunicazione, intrecciandosi con l&#8217;intero ecosistema e svolgendo funzioni vitali per la natura stessa. Le loro capacit\u00e0 straordinarie spaziano dal contenere le [&hellip;]<\/p>","protected":false},"author":3,"featured_media":1967,"comment_status":"closed","ping_status":"open","sticky":false,"template":"","format":"standard","meta":{"footnotes":"[]"},"categories":[11],"tags":[],"acf":[],"yoast_head":"<!-- This site is optimized with the Yoast SEO plugin v22.0 - https:\/\/yoast.com\/wordpress\/plugins\/seo\/ -->\n<title>Rubrica: Il Popolo Sardo In Piedi<\/title>\n<meta name=\"description\" content=\"Gli alberi, veri maestri di vita, un ponte tra il divino e il terreno che ci circonda. Scientificamente, rivelano un sistema simile a un cervello diffuso, in cui le radici fungono da canali di comunicazione, intrecciandosi con l&#039;intero ecosistema e svolgendo funzioni vitali per la natura stessa. Le loro capacit\u00e0 straordinarie spaziano dal contenere le montagne per prevenire frane, moderare il vento e favorire le piogge. Sorprendentemente longevi, questi giganti superano i duemila anni di vita e crescono fino a centoventi metri, un inno alla resistenza e alla grandezza.\" \/>\n<meta name=\"robots\" content=\"index, follow, max-snippet:-1, max-image-preview:large, max-video-preview:-1\" \/>\n<link rel=\"canonical\" href=\"https:\/\/bestsardiniatour.it\/de\/rubrica-il-popolo-sardo-in-piedi\/\" \/>\n<meta property=\"og:locale\" content=\"de_DE\" \/>\n<meta property=\"og:type\" content=\"article\" \/>\n<meta property=\"og:title\" content=\"Rubrica: Il Popolo Sardo In Piedi\" \/>\n<meta property=\"og:description\" content=\"Gli alberi, veri maestri di vita, un ponte tra il divino e il terreno che ci circonda. Scientificamente, rivelano un sistema simile a un cervello diffuso, in cui le radici fungono da canali di comunicazione, intrecciandosi con l&#039;intero ecosistema e svolgendo funzioni vitali per la natura stessa. Le loro capacit\u00e0 straordinarie spaziano dal contenere le montagne per prevenire frane, moderare il vento e favorire le piogge. Sorprendentemente longevi, questi giganti superano i duemila anni di vita e crescono fino a centoventi metri, un inno alla resistenza e alla grandezza.\" \/>\n<meta property=\"og:url\" content=\"https:\/\/bestsardiniatour.it\/de\/rubrica-il-popolo-sardo-in-piedi\/\" \/>\n<meta property=\"og:site_name\" content=\"Best Sardinia Tour\" \/>\n<meta property=\"article:publisher\" content=\"https:\/\/m.facebook.com\/bestsardiniatour\" \/>\n<meta property=\"article:published_time\" content=\"2023-12-28T15:06:34+00:00\" \/>\n<meta property=\"article:modified_time\" content=\"2024-01-31T13:43:11+00:00\" \/>\n<meta property=\"og:image\" content=\"http:\/\/bestsardiniatour.it\/wp-content\/uploads\/2023\/12\/Blog.png\" \/>\n\t<meta property=\"og:image:width\" content=\"800\" \/>\n\t<meta property=\"og:image:height\" content=\"800\" \/>\n\t<meta property=\"og:image:type\" content=\"image\/png\" \/>\n<meta name=\"author\" content=\"Admin BST\" \/>\n<meta name=\"twitter:card\" content=\"summary_large_image\" \/>\n<meta name=\"twitter:label1\" content=\"Verfasst von\" \/>\n\t<meta name=\"twitter:data1\" content=\"Admin BST\" \/>\n\t<meta name=\"twitter:label2\" content=\"Gesch\u00e4tzte Lesezeit\" \/>\n\t<meta name=\"twitter:data2\" content=\"2\u00a0Minuten\" \/>\n<script type=\"application\/ld+json\" class=\"yoast-schema-graph\">{\"@context\":\"https:\/\/schema.org\",\"@graph\":[{\"@type\":\"Article\",\"@id\":\"https:\/\/bestsardiniatour.it\/rubrica-il-popolo-sardo-in-piedi\/#article\",\"isPartOf\":{\"@id\":\"https:\/\/bestsardiniatour.it\/rubrica-il-popolo-sardo-in-piedi\/\"},\"author\":{\"name\":\"Admin BST\",\"@id\":\"https:\/\/bestsardiniatour.it\/#\/schema\/person\/601d50bed36dd6eb1df84e756e93b2d6\"},\"headline\":\"Rubrica: Il Popolo Sardo In Piedi\",\"datePublished\":\"2023-12-28T15:06:34+00:00\",\"dateModified\":\"2024-01-31T13:43:11+00:00\",\"mainEntityOfPage\":{\"@id\":\"https:\/\/bestsardiniatour.it\/rubrica-il-popolo-sardo-in-piedi\/\"},\"wordCount\":244,\"publisher\":{\"@id\":\"https:\/\/bestsardiniatour.it\/#organization\"},\"articleSection\":[\"Rubrica\"],\"inLanguage\":\"de\"},{\"@type\":\"WebPage\",\"@id\":\"https:\/\/bestsardiniatour.it\/rubrica-il-popolo-sardo-in-piedi\/\",\"url\":\"https:\/\/bestsardiniatour.it\/rubrica-il-popolo-sardo-in-piedi\/\",\"name\":\"Rubrica: Il Popolo Sardo In Piedi\",\"isPartOf\":{\"@id\":\"https:\/\/bestsardiniatour.it\/#website\"},\"datePublished\":\"2023-12-28T15:06:34+00:00\",\"dateModified\":\"2024-01-31T13:43:11+00:00\",\"description\":\"Gli alberi, veri maestri di vita, un ponte tra il divino e il terreno che ci circonda. Scientificamente, rivelano un sistema simile a un cervello diffuso, in cui le radici fungono da canali di comunicazione, intrecciandosi con l'intero ecosistema e svolgendo funzioni vitali per la natura stessa. Le loro capacit\u00e0 straordinarie spaziano dal contenere le montagne per prevenire frane, moderare il vento e favorire le piogge. Sorprendentemente longevi, questi giganti superano i duemila anni di vita e crescono fino a centoventi metri, un inno alla resistenza e alla grandezza.\",\"breadcrumb\":{\"@id\":\"https:\/\/bestsardiniatour.it\/rubrica-il-popolo-sardo-in-piedi\/#breadcrumb\"},\"inLanguage\":\"de\",\"potentialAction\":[{\"@type\":\"ReadAction\",\"target\":[\"https:\/\/bestsardiniatour.it\/rubrica-il-popolo-sardo-in-piedi\/\"]}]},{\"@type\":\"BreadcrumbList\",\"@id\":\"https:\/\/bestsardiniatour.it\/rubrica-il-popolo-sardo-in-piedi\/#breadcrumb\",\"itemListElement\":[{\"@type\":\"ListItem\",\"position\":1,\"name\":\"Home\",\"item\":\"https:\/\/bestsardiniatour.it\/\"},{\"@type\":\"ListItem\",\"position\":2,\"name\":\"Rubrica: Il Popolo Sardo In Piedi\"}]},{\"@type\":\"WebSite\",\"@id\":\"https:\/\/bestsardiniatour.it\/#website\",\"url\":\"https:\/\/bestsardiniatour.it\/\",\"name\":\"Best Sardinia Tour\",\"description\":\"Alla Scoperta Della Sardegna\",\"publisher\":{\"@id\":\"https:\/\/bestsardiniatour.it\/#organization\"},\"potentialAction\":[{\"@type\":\"SearchAction\",\"target\":{\"@type\":\"EntryPoint\",\"urlTemplate\":\"https:\/\/bestsardiniatour.it\/?s={search_term_string}\"},\"query-input\":\"required name=search_term_string\"}],\"inLanguage\":\"de\"},{\"@type\":\"Organization\",\"@id\":\"https:\/\/bestsardiniatour.it\/#organization\",\"name\":\"Best Sardinia Tour\",\"url\":\"https:\/\/bestsardiniatour.it\/\",\"logo\":{\"@type\":\"ImageObject\",\"inLanguage\":\"de\",\"@id\":\"https:\/\/bestsardiniatour.it\/#\/schema\/logo\/image\/\",\"url\":\"https:\/\/bestsardiniatour.it\/wp-content\/uploads\/2020\/02\/Logo-Best-Sardinia-Tour.svg\",\"contentUrl\":\"https:\/\/bestsardiniatour.it\/wp-content\/uploads\/2020\/02\/Logo-Best-Sardinia-Tour.svg\",\"width\":454.53,\"height\":279.09,\"caption\":\"Best Sardinia Tour\"},\"image\":{\"@id\":\"https:\/\/bestsardiniatour.it\/#\/schema\/logo\/image\/\"},\"sameAs\":[\"https:\/\/m.facebook.com\/bestsardiniatour\",\"https:\/\/instagram.com\/bestsardiniatour\"]},{\"@type\":\"Person\",\"@id\":\"https:\/\/bestsardiniatour.it\/#\/schema\/person\/601d50bed36dd6eb1df84e756e93b2d6\",\"name\":\"Admin BST\",\"image\":{\"@type\":\"ImageObject\",\"inLanguage\":\"de\",\"@id\":\"https:\/\/bestsardiniatour.it\/#\/schema\/person\/image\/\",\"url\":\"https:\/\/secure.gravatar.com\/avatar\/67c84263412957d148af29ba6dbd563f?s=96&d=mm&r=g\",\"contentUrl\":\"https:\/\/secure.gravatar.com\/avatar\/67c84263412957d148af29ba6dbd563f?s=96&d=mm&r=g\",\"caption\":\"Admin BST\"},\"url\":\"https:\/\/bestsardiniatour.it\/de\/author\/admin-bst\/\"}]}<\/script>\n<!-- \/ Yoast SEO plugin. -->","yoast_head_json":{"title":"Rubrica: Il Popolo Sardo In Piedi","description":"Gli alberi, veri maestri di vita, un ponte tra il divino e il terreno che ci circonda. Scientificamente, rivelano un sistema simile a un cervello diffuso, in cui le radici fungono da canali di comunicazione, intrecciandosi con l'intero ecosistema e svolgendo funzioni vitali per la natura stessa. Le loro capacit\u00e0 straordinarie spaziano dal contenere le montagne per prevenire frane, moderare il vento e favorire le piogge. Sorprendentemente longevi, questi giganti superano i duemila anni di vita e crescono fino a centoventi metri, un inno alla resistenza e alla grandezza.","robots":{"index":"index","follow":"follow","max-snippet":"max-snippet:-1","max-image-preview":"max-image-preview:large","max-video-preview":"max-video-preview:-1"},"canonical":"https:\/\/bestsardiniatour.it\/de\/rubrica-il-popolo-sardo-in-piedi\/","og_locale":"de_DE","og_type":"article","og_title":"Rubrica: Il Popolo Sardo In Piedi","og_description":"Gli alberi, veri maestri di vita, un ponte tra il divino e il terreno che ci circonda. Scientificamente, rivelano un sistema simile a un cervello diffuso, in cui le radici fungono da canali di comunicazione, intrecciandosi con l'intero ecosistema e svolgendo funzioni vitali per la natura stessa. Le loro capacit\u00e0 straordinarie spaziano dal contenere le montagne per prevenire frane, moderare il vento e favorire le piogge. Sorprendentemente longevi, questi giganti superano i duemila anni di vita e crescono fino a centoventi metri, un inno alla resistenza e alla grandezza.","og_url":"https:\/\/bestsardiniatour.it\/de\/rubrica-il-popolo-sardo-in-piedi\/","og_site_name":"Best Sardinia Tour","article_publisher":"https:\/\/m.facebook.com\/bestsardiniatour","article_published_time":"2023-12-28T15:06:34+00:00","article_modified_time":"2024-01-31T13:43:11+00:00","og_image":[{"width":800,"height":800,"url":"http:\/\/bestsardiniatour.it\/wp-content\/uploads\/2023\/12\/Blog.png","type":"image\/png"}],"author":"Admin BST","twitter_card":"summary_large_image","twitter_misc":{"Verfasst von":"Admin BST","Gesch\u00e4tzte Lesezeit":"2\u00a0Minuten"},"schema":{"@context":"https:\/\/schema.org","@graph":[{"@type":"Article","@id":"https:\/\/bestsardiniatour.it\/rubrica-il-popolo-sardo-in-piedi\/#article","isPartOf":{"@id":"https:\/\/bestsardiniatour.it\/rubrica-il-popolo-sardo-in-piedi\/"},"author":{"name":"Admin BST","@id":"https:\/\/bestsardiniatour.it\/#\/schema\/person\/601d50bed36dd6eb1df84e756e93b2d6"},"headline":"Rubrica: Il Popolo Sardo In Piedi","datePublished":"2023-12-28T15:06:34+00:00","dateModified":"2024-01-31T13:43:11+00:00","mainEntityOfPage":{"@id":"https:\/\/bestsardiniatour.it\/rubrica-il-popolo-sardo-in-piedi\/"},"wordCount":244,"publisher":{"@id":"https:\/\/bestsardiniatour.it\/#organization"},"articleSection":["Rubrica"],"inLanguage":"de"},{"@type":"WebPage","@id":"https:\/\/bestsardiniatour.it\/rubrica-il-popolo-sardo-in-piedi\/","url":"https:\/\/bestsardiniatour.it\/rubrica-il-popolo-sardo-in-piedi\/","name":"Rubrica: Il Popolo Sardo In Piedi","isPartOf":{"@id":"https:\/\/bestsardiniatour.it\/#website"},"datePublished":"2023-12-28T15:06:34+00:00","dateModified":"2024-01-31T13:43:11+00:00","description":"Gli alberi, veri maestri di vita, un ponte tra il divino e il terreno che ci circonda. Scientificamente, rivelano un sistema simile a un cervello diffuso, in cui le radici fungono da canali di comunicazione, intrecciandosi con l'intero ecosistema e svolgendo funzioni vitali per la natura stessa. Le loro capacit\u00e0 straordinarie spaziano dal contenere le montagne per prevenire frane, moderare il vento e favorire le piogge. Sorprendentemente longevi, questi giganti superano i duemila anni di vita e crescono fino a centoventi metri, un inno alla resistenza e alla grandezza.","breadcrumb":{"@id":"https:\/\/bestsardiniatour.it\/rubrica-il-popolo-sardo-in-piedi\/#breadcrumb"},"inLanguage":"de","potentialAction":[{"@type":"ReadAction","target":["https:\/\/bestsardiniatour.it\/rubrica-il-popolo-sardo-in-piedi\/"]}]},{"@type":"BreadcrumbList","@id":"https:\/\/bestsardiniatour.it\/rubrica-il-popolo-sardo-in-piedi\/#breadcrumb","itemListElement":[{"@type":"ListItem","position":1,"name":"Home","item":"https:\/\/bestsardiniatour.it\/"},{"@type":"ListItem","position":2,"name":"Rubrica: Il Popolo Sardo In Piedi"}]},{"@type":"WebSite","@id":"https:\/\/bestsardiniatour.it\/#website","url":"https:\/\/bestsardiniatour.it\/","name":"Best Sardinia Tour","description":"Alla Scoperta Della Sardegna","publisher":{"@id":"https:\/\/bestsardiniatour.it\/#organization"},"potentialAction":[{"@type":"SearchAction","target":{"@type":"EntryPoint","urlTemplate":"https:\/\/bestsardiniatour.it\/?s={search_term_string}"},"query-input":"required name=search_term_string"}],"inLanguage":"de"},{"@type":"Organization","@id":"https:\/\/bestsardiniatour.it\/#organization","name":"Best Sardinia Tour","url":"https:\/\/bestsardiniatour.it\/","logo":{"@type":"ImageObject","inLanguage":"de","@id":"https:\/\/bestsardiniatour.it\/#\/schema\/logo\/image\/","url":"https:\/\/bestsardiniatour.it\/wp-content\/uploads\/2020\/02\/Logo-Best-Sardinia-Tour.svg","contentUrl":"https:\/\/bestsardiniatour.it\/wp-content\/uploads\/2020\/02\/Logo-Best-Sardinia-Tour.svg","width":454.53,"height":279.09,"caption":"Best Sardinia Tour"},"image":{"@id":"https:\/\/bestsardiniatour.it\/#\/schema\/logo\/image\/"},"sameAs":["https:\/\/m.facebook.com\/bestsardiniatour","https:\/\/instagram.com\/bestsardiniatour"]},{"@type":"Person","@id":"https:\/\/bestsardiniatour.it\/#\/schema\/person\/601d50bed36dd6eb1df84e756e93b2d6","name":"Admin BST","image":{"@type":"ImageObject","inLanguage":"de","@id":"https:\/\/bestsardiniatour.it\/#\/schema\/person\/image\/","url":"https:\/\/secure.gravatar.com\/avatar\/67c84263412957d148af29ba6dbd563f?s=96&d=mm&r=g","contentUrl":"https:\/\/secure.gravatar.com\/avatar\/67c84263412957d148af29ba6dbd563f?s=96&d=mm&r=g","caption":"Admin BST"},"url":"https:\/\/bestsardiniatour.it\/de\/author\/admin-bst\/"}]}},"_links":{"self":[{"href":"https:\/\/bestsardiniatour.it\/de\/wp-json\/wp\/v2\/posts\/1964"}],"collection":[{"href":"https:\/\/bestsardiniatour.it\/de\/wp-json\/wp\/v2\/posts"}],"about":[{"href":"https:\/\/bestsardiniatour.it\/de\/wp-json\/wp\/v2\/types\/post"}],"author":[{"embeddable":true,"href":"https:\/\/bestsardiniatour.it\/de\/wp-json\/wp\/v2\/users\/3"}],"replies":[{"embeddable":true,"href":"https:\/\/bestsardiniatour.it\/de\/wp-json\/wp\/v2\/comments?post=1964"}],"version-history":[{"count":2,"href":"https:\/\/bestsardiniatour.it\/de\/wp-json\/wp\/v2\/posts\/1964\/revisions"}],"predecessor-version":[{"id":1966,"href":"https:\/\/bestsardiniatour.it\/de\/wp-json\/wp\/v2\/posts\/1964\/revisions\/1966"}],"wp:featuredmedia":[{"embeddable":true,"href":"https:\/\/bestsardiniatour.it\/de\/wp-json\/wp\/v2\/media\/1967"}],"wp:attachment":[{"href":"https:\/\/bestsardiniatour.it\/de\/wp-json\/wp\/v2\/media?parent=1964"}],"wp:term":[{"taxonomy":"category","embeddable":true,"href":"https:\/\/bestsardiniatour.it\/de\/wp-json\/wp\/v2\/categories?post=1964"},{"taxonomy":"post_tag","embeddable":true,"href":"https:\/\/bestsardiniatour.it\/de\/wp-json\/wp\/v2\/tags?post=1964"}],"curies":[{"name":"wp","href":"https:\/\/api.w.org\/{rel}","templated":true}]}}